{"id":8915,"date":"2026-05-01T07:00:00","date_gmt":"2026-05-01T05:00:00","guid":{"rendered":"https:\/\/blog.arminaugustalexander.de\/?p=8915"},"modified":"2026-04-30T18:56:39","modified_gmt":"2026-04-30T16:56:39","slug":"zitat-des-tages-152","status":"publish","type":"post","link":"https:\/\/blog.arminaugustalexander.de\/?p=8915","title":{"rendered":"Zitat des Tages #152"},"content":{"rendered":"<p class=\"titelbild\"><img decoding=\"async\" src=\"https:\/\/blog.arminaugustalexander.de\/wp-content\/gallery\/logos\/zitat.png\" \/><\/p>\n<div id=\"zitat\">\n<p><i>Cultur und Kaste.<\/i> \u2013 Eine h\u00f6here Cultur kann allein dort entstehen, wo es zwei unterschiedene Kasten der Gesellschaft giebt: die der Arbeitenden und die der M\u00fcssigen, zu wahrer Musse Bef\u00e4higten; oder mit st\u00e4rkerem Ausdruck: die Kaste der Zwangs-Arbeit und die Kaste der Frei-Arbeit. <!--more-->Der Gesichtspunct der Vertheilung des Gl\u00fccks ist nicht wesentlich, wenn es sich um die Erzeugung einer h\u00f6heren Cultur handelt; jedenfalls aber ist die Kaste der M\u00fcssigen die leidensf\u00e4higere, leidendere, ihr Behagen am Dasein ist geringer, ihre Aufgabe gr\u00f6sser. Findet nun gar ein Austausch der beiden Kasten statt, so, dass die stumpferen, ungeistigeren Familien und Einzelnen aus der oberen Kaste in die niedere herabgesetzt werden und wiederum die freieren Menschen aus dieser den Zutritt zur h\u00f6heren erlangen: so ist ein Zustand erreicht, \u00fcber den hinaus man nur noch das offene Meer unbestimmter W\u00fcnsche sieht. \u2013 So redet die verklingende Stimme der alten Zeit zu uns; aber wo sind noch Ohren, sie zu h\u00f6ren?<\/p>\n<\/div>\n<p class=\"autor\">Aus: \u00bbMenschliches, Allzumenschliches\u00ab \u00b7 Friedrich Nietzsche (15.10.1844\u201325.8.1900)<\/p>\n","protected":false},"excerpt":{"rendered":"<p>Cultur und Kaste. \u2013 Eine h\u00f6here Cultur kann allein dort entstehen, wo es zwei unterschiedene Kasten der Gesellschaft giebt: die der Arbeitenden und die der M\u00fcssigen, zu wahrer Musse Bef\u00e4higten; oder mit st\u00e4rkerem Ausdruck: die Kaste der Zwangs-Arbeit und die Kaste der Frei-Arbeit.<\/p>\n","protected":false},"author":1,"featured_media":0,"comment_status":"open","ping_status":"closed","sticky":false,"template":"","format":"standard","meta":{"pgc_sgb_lightbox_settings":"","_themeisle_gutenberg_block_has_review":false,"footnotes":""},"categories":[32,48],"tags":[41,49],"class_list":["post-8915","post","type-post","status-publish","format-standard","hentry","category-literarisches","category-zitat-des-tages","tag-literatur","tag-zitate"],"_links":{"self":[{"href":"https:\/\/blog.arminaugustalexander.de\/index.php?rest_route=\/wp\/v2\/posts\/8915","targetHints":{"allow":["GET"]}}],"collection":[{"href":"https:\/\/blog.arminaugustalexander.de\/index.php?rest_route=\/wp\/v2\/posts"}],"about":[{"href":"https:\/\/blog.arminaugustalexander.de\/index.php?rest_route=\/wp\/v2\/types\/post"}],"author":[{"embeddable":true,"href":"https:\/\/blog.arminaugustalexander.de\/index.php?rest_route=\/wp\/v2\/users\/1"}],"replies":[{"embeddable":true,"href":"https:\/\/blog.arminaugustalexander.de\/index.php?rest_route=%2Fwp%2Fv2%2Fcomments&post=8915"}],"version-history":[{"count":1,"href":"https:\/\/blog.arminaugustalexander.de\/index.php?rest_route=\/wp\/v2\/posts\/8915\/revisions"}],"predecessor-version":[{"id":8916,"href":"https:\/\/blog.arminaugustalexander.de\/index.php?rest_route=\/wp\/v2\/posts\/8915\/revisions\/8916"}],"wp:attachment":[{"href":"https:\/\/blog.arminaugustalexander.de\/index.php?rest_route=%2Fwp%2Fv2%2Fmedia&parent=8915"}],"wp:term":[{"taxonomy":"category","embeddable":true,"href":"https:\/\/blog.arminaugustalexander.de\/index.php?rest_route=%2Fwp%2Fv2%2Fcategories&post=8915"},{"taxonomy":"post_tag","embeddable":true,"href":"https:\/\/blog.arminaugustalexander.de\/index.php?rest_route=%2Fwp%2Fv2%2Ftags&post=8915"}],"curies":[{"name":"wp","href":"https:\/\/api.w.org\/{rel}","templated":true}]}}